{"id":312,"date":"2018-12-04T08:44:29","date_gmt":"2018-12-04T07:44:29","guid":{"rendered":"https:\/\/www.kuestenwanderweg-marseille.de\/?p=312"},"modified":"2024-10-31T17:18:45","modified_gmt":"2024-10-31T16:18:45","slug":"etape-2-trajet-la-cadiere-d-azur-la-ciotat","status":"publish","type":"post","link":"https:\/\/www.kuestenwanderweg-marseille.de\/fr\/etappe-2-wegbeschreibung-la-cadiere-d-azur-la-ciotat\/","title":{"rendered":"Tron\u00e7on 2 : description de l'itin\u00e9raire"},"content":{"rendered":"<div id=\"pl-312\"  class=\"panel-layout\" ><div id=\"pg-312-0\"  class=\"panel-grid panel-no-style\" ><div id=\"pgc-312-0-0\"  class=\"panel-grid-cell\" ><div id=\"panel-312-0-0-0\" class=\"so-panel widget widget_metaslider_widget panel-first-child panel-last-child\" data-index=\"0\" ><div id=\"metaslider-id-339\" style=\"max-width: 1200px;\" class=\"ml-slider-3-108-0 metaslider metaslider-flex metaslider-339 ml-slider has-dots-nav ms-theme-simply-dark\" role=\"region\" aria-label=\"\u00c9tape 2\" data-height=\"675\" data-width=\"1200\">\n    <div id=\"metaslider_container_339\">\n        <div id=\"metaslider_339\">\n            <ul class='slides'>\n                <li style=\"display: block; width: 100%;\" class=\"slide-747 ms-image\" aria-roledescription=\"slide\" data-date=\"2018-12-26 13:07:31\" data-filename=\"K\u00fcstenwanderweg-Marseille-Etappe-2-Der-GR51-f\u00fchrt-auch-am-500-Jahre-alten-Weingut-Ch\u00e2teau-Vanni\u00e8res-vorbei.jpg\" data-slide-type=\"image\"><img loading=\"lazy\" decoding=\"async\" src=\"https:\/\/www.kuestenwanderweg-marseille.de\/wp-content\/uploads\/K\u00fcstenwanderweg-Marseille-Etappe-2-Der-GR51-f\u00fchrt-auch-am-500-Jahre-alten-Weingut-Ch\u00e2teau-Vanni\u00e8res-vorbei.jpg\" height=\"675\" width=\"1200\" alt=\"\" class=\"slider-339 slide-747 msDefaultImage\" title=\"Sentier c\u00f4tier de Marseille - \u00e9tape 2 - Le GR51 passe aussi par le domaine viticole de Ch\u00e2teau Vanni\u00e8res, vieux de 500 ans\" \/><\/li>\n                <li style=\"display: none; width: 100%;\" class=\"slide-351 ms-image\" aria-roledescription=\"slide\" data-date=\"2018-12-10 19:20:08\" data-filename=\"K\u00fcstenwanderweg-Marseille-Etappe-2-Weinernte-in-der-N\u00e4he-von-La-Cadiere-dAzur.jpg\" data-slide-type=\"image\"><a href=\"https:\/\/www.kuestenwanderweg-marseille.de\/wp-content\/uploads\/K\u00fcstenwanderweg-Marseille-Etappe-2-Weinernte-in-der-N\u00e4he-von-La-Cadiere-dAzur.jpg\" target=\"_self\" aria-label=\"Voir les d\u00e9tails de la diapositive\" class=\"metaslider_image_link\"><img loading=\"lazy\" decoding=\"async\" src=\"https:\/\/www.kuestenwanderweg-marseille.de\/wp-content\/uploads\/K\u00fcstenwanderweg-Marseille-Etappe-2-Weinernte-in-der-N\u00e4he-von-La-Cadiere-dAzur.jpg\" height=\"675\" width=\"1200\" alt=\"\" class=\"slider-339 slide-351 msDefaultImage\" title=\"Sentier c\u00f4tier de Marseille - \u00e9tape 2 - Vendanges pr\u00e8s de La Cadiere d&#039;Azur\" \/><\/a><\/li>\n                <li style=\"display: none; width: 100%;\" class=\"slide-348 ms-image\" aria-roledescription=\"slide\" data-date=\"2018-12-10 19:20:08\" data-filename=\"K\u00fcstenwanderweg-Marseille-Etappe-2-Ausblick-vom-GR51-auf-die-Bucht-von-Saint-Cyr-sur-Mer-2.jpg\" data-slide-type=\"image\"><a href=\"https:\/\/www.kuestenwanderweg-marseille.de\/wp-content\/uploads\/K\u00fcstenwanderweg-Marseille-Etappe-2-Ausblick-vom-GR51-auf-die-Bucht-von-Saint-Cyr-sur-Mer-2.jpg\" target=\"_self\" aria-label=\"Voir les d\u00e9tails de la diapositive\" class=\"metaslider_image_link\"><img loading=\"lazy\" decoding=\"async\" src=\"https:\/\/www.kuestenwanderweg-marseille.de\/wp-content\/uploads\/K\u00fcstenwanderweg-Marseille-Etappe-2-Ausblick-vom-GR51-auf-die-Bucht-von-Saint-Cyr-sur-Mer-2.jpg\" height=\"675\" width=\"1200\" alt=\"\" class=\"slider-339 slide-348 msDefaultImage\" title=\"Sentier c\u00f4tier de Marseille - \u00e9tape 2 - Vue depuis le GR51 sur la baie de Saint-Cyr-sur-Mer 2\" \/><\/a><\/li>\n                <li style=\"display: none; width: 100%;\" class=\"slide-350 ms-image\" aria-roledescription=\"slide\" data-date=\"2018-12-10 19:20:08\" data-filename=\"K\u00fcstenwanderweg-Marseille-Etappe-2-Ausblick-vom-GR51-ins-Landesinnere.jpg\" data-slide-type=\"image\"><a href=\"https:\/\/www.kuestenwanderweg-marseille.de\/wp-content\/uploads\/K\u00fcstenwanderweg-Marseille-Etappe-2-Ausblick-vom-GR51-ins-Landesinnere.jpg\" target=\"_self\" aria-label=\"Voir les d\u00e9tails de la diapositive\" class=\"metaslider_image_link\"><img loading=\"lazy\" decoding=\"async\" src=\"https:\/\/www.kuestenwanderweg-marseille.de\/wp-content\/uploads\/K\u00fcstenwanderweg-Marseille-Etappe-2-Ausblick-vom-GR51-ins-Landesinnere.jpg\" height=\"675\" width=\"1200\" alt=\"\" class=\"slider-339 slide-350 msDefaultImage\" title=\"Sentier c\u00f4tier de Marseille - Tron\u00e7on 2 - Vue depuis le GR51 vers l&#039;int\u00e9rieur des terres\" \/><\/a><\/li>\n                <li style=\"display: none; width: 100%;\" class=\"slide-349 ms-image\" aria-roledescription=\"slide\" data-date=\"2018-12-10 19:20:08\" data-filename=\"K\u00fcstenwanderweg-Marseille-Etappe-2-Ausblick-vom-GR51-die-Ausl\u00e4ufer-von-Cassis.jpg\" data-slide-type=\"image\"><a href=\"https:\/\/www.kuestenwanderweg-marseille.de\/wp-content\/uploads\/K\u00fcstenwanderweg-Marseille-Etappe-2-Ausblick-vom-GR51-die-Ausl\u00e4ufer-von-Cassis.jpg\" target=\"_self\" aria-label=\"Voir les d\u00e9tails de la diapositive\" class=\"metaslider_image_link\"><img loading=\"lazy\" decoding=\"async\" src=\"https:\/\/www.kuestenwanderweg-marseille.de\/wp-content\/uploads\/K\u00fcstenwanderweg-Marseille-Etappe-2-Ausblick-vom-GR51-die-Ausl\u00e4ufer-von-Cassis.jpg\" height=\"675\" width=\"1200\" alt=\"\" class=\"slider-339 slide-349 msDefaultImage\" title=\"Sentier c\u00f4tier de Marseille - \u00e9tape 2 - vue du GR51 les contreforts de Cassis\" \/><\/a><\/li>\n                <li style=\"display: none; width: 100%;\" class=\"slide-479 ms-image\" aria-roledescription=\"slide\" data-date=\"2018-12-14 21:47:44\" data-filename=\"K\u00fcstenwanderweg-Marseille-Etappe-2-La-Ciotat-besitzt-einen-netten-Stadtkern-mit-Hafen-und-Kirche.jpg\" data-slide-type=\"image\"><a href=\"https:\/\/www.kuestenwanderweg-marseille.de\/wp-content\/uploads\/K\u00fcstenwanderweg-Marseille-Etappe-2-La-Ciotat-besitzt-einen-netten-Stadtkern-mit-Hafen-und-Kirche.jpg\" target=\"_self\" aria-label=\"Voir les d\u00e9tails de la diapositive\" class=\"metaslider_image_link\"><img loading=\"lazy\" decoding=\"async\" src=\"https:\/\/www.kuestenwanderweg-marseille.de\/wp-content\/uploads\/K\u00fcstenwanderweg-Marseille-Etappe-2-La-Ciotat-besitzt-einen-netten-Stadtkern-mit-Hafen-und-Kirche.jpg\" height=\"675\" width=\"1200\" alt=\"\" class=\"slider-339 slide-479 msDefaultImage\" title=\"Sentier c\u00f4tier de Marseille - \u00e9tape 2 - La Ciotat poss\u00e8de un joli centre-ville avec son port et son \u00e9glise\" \/><\/a><\/li>\n            <\/ul>\n        <\/div>\n        \n    <\/div>\n<\/div><\/div><\/div><\/div><div id=\"pg-312-1\"  class=\"panel-grid panel-no-style\" ><div id=\"pgc-312-1-0\"  class=\"panel-grid-cell\" ><div id=\"panel-312-1-0-0\" class=\"so-panel widget widget_sow-editor panel-first-child panel-last-child\" data-index=\"1\" ><div\n\t\t\t\n\t\t\tclass=\"so-widget-sow-editor so-widget-sow-editor-base\"\n\t\t\t\n\t\t><h3 class=\"widget-title\">De La Cadi\u00e8re-d'Azur \u00e0 La Ciotat<\/h3>\n<div class=\"siteorigin-widget-tinymce textwidget\">\n\t<p>L'\u00e9tape d'aujourd'hui nous conduit sur le GR 51 en d\u00e9crivant une large courbe \u00e0 travers l'arri\u00e8re-pays proche de la c\u00f4te jusqu'\u00e0 La Ciotat. D\u00e8s que nous avons fait le plein d'eau et de provisions pour la journ\u00e9e (pas de possibilit\u00e9 de faire une halte ou des achats en cours de route !), nous quittons La Cadi\u00e8re-d'Azur en montant vers le nord-ouest par l'avenue Andr\u00e9 Favory qui bifurque de la route principale. Le chemin du Peyneuf, qui part sur la droite, nous conduit ensuite en bas de la pente en direction de l'autoroute.<\/p>\n<p>Apr\u00e8s environ 2 km, nous traversons l'autoroute - il est pr\u00e9f\u00e9rable de ne pas emprunter le pont tr\u00e8s fr\u00e9quent\u00e9, mais de passer plus s\u00fbrement par le tunnel pour pi\u00e9tons qui se trouve quelques centaines de m\u00e8tres plus loin sur la gauche (c'est aussi le trac\u00e9 officiel du GR 51). Nous traversons maintenant un peu la plaine en passant devant des vignobles, avant que notre chemin ne serpente lentement mais s\u00fbrement vers le haut de la colline. D\u00e8s que nous sommes assez haut, nous avons une vue dans deux directions : A gauche, la vue jusqu'\u00e0 la mer, \u00e0 droite le panorama de l'arri\u00e8re-pays avec la station radar du Pic de Bertagne qui saute aux yeux.<\/p>\n<p><strong>Attention !\u00a0<\/strong>L'itin\u00e9raire de randonn\u00e9e actuel est ferm\u00e9 sur ce tron\u00e7on - plusieurs t\u00e9moignages font \u00e9tat d'un berger avec des chiens qui renvoie les randonneurs. Il existe un itin\u00e9raire alternatif parall\u00e8le un peu plus \u00e0 l'ouest. Celui-ci est indiqu\u00e9 sur la carte ou disponible dans la zone de t\u00e9l\u00e9chargement sous forme de fichier GPX suppl\u00e9mentaire (\u00e9tat au 31.10.2024). Voir aussi les commentaires suivants :\u00a0<a href=\"https:\/\/www.kuestenwanderweg-marseille.de\/fr\/questions-experiences-et-conseils-sur-le-sentier-cotier-marseille\/#comment-925\">https:\/\/www.kuestenwanderweg-marseille.de\/fragen-erfahrungsberichte-und-tipps-zum-kuestenwanderweg-marseille\/#comment-925<\/a>.<\/p>\n<\/div>\n<\/div><\/div><\/div><div id=\"pgc-312-1-1\"  class=\"panel-grid-cell\" ><div id=\"panel-312-1-1-0\" class=\"so-panel widget widget_sow-editor panel-first-child\" data-index=\"2\" ><div\n\t\t\t\n\t\t\tclass=\"so-widget-sow-editor so-widget-sow-editor-base\"\n\t\t\t\n\t\t><h3 class=\"widget-title\">Faits concernant la 2e \u00e9tape<\/h3>\n<div class=\"siteorigin-widget-tinymce textwidget\">\n\t<p><b>Parcours : <\/b>22,9 km<br \/>\n<b>D\u00e9nivel\u00e9 : <\/b>610 m de mont\u00e9e \/ 660 m de descente<br \/>\n<b>Dur\u00e9e :<\/b>\u00a07:00h (sans pauses)<br \/>\nVoir aussi <a href=\"https:\/\/www.kuestenwanderweg-marseille.de\/fr\/profil-des-altitudes-de-la-randonnee-cotiere-bandol-marseille\/\">Profil d'altitude<\/a><\/p>\n<\/div>\n<\/div><\/div><div id=\"panel-312-1-1-1\" class=\"so-panel widget widget_edd_product_details\" data-index=\"3\" ><h3 class=\"widget-title\">D\u00e9tails de t\u00e9l\u00e9chargement<\/h3>\t<form id=\"edd_purchase_121\" class=\"edd_download_purchase_form edd_purchase_121\" method=\"post\" action=\"\">\n\n\t\t\n\t\t<div class=\"edd_purchase_submit_wrapper\">\n\t\t\t<button class=\"edd-add-to-cart button blue edd-submit\" data-nonce=\"6e9e361bb5\" data-timestamp=\"1777670015\" data-token=\"b05d7703d9d20d8fc8938b3bdff7f6386a42170bde150e3bcaac93b04af73e30\" data-action=\"edd_add_to_cart\" data-download-id=\"121\" data-variable-price=\"no\" data-price-mode=\"single\" data-price=\"0.00\" ><span class=\"edd-add-to-cart-label\">Gratuit - Ajouter au panier<\/span> <span class=\"edd-loading\" aria-label=\"Chargement en cours\"><\/span><\/button><input type=\"submit\" class=\"edd-add-to-cart edd-no-js button blue edd-submit\" name=\"edd_purchase_download\" value=\"Gratuit - Ajouter au panier\" data-action=\"edd_add_to_cart\" data-download-id=\"121\" data-variable-price=\"no\" data-price-mode=\"single\" \/><a href=\"https:\/\/www.kuestenwanderweg-marseille.de\/fr\/checkout\/?nocache=true\" class=\"edd_go_to_checkout button blue edd-submit\" style=\"display:none;\">Voir le panier<\/a>\n\t\t\t\t\t\t\t<span class=\"edd-cart-ajax-alert\" aria-live=\"assertive\">\n\t\t\t\t\t<span class=\"edd-cart-added-alert\" style=\"display: none;\">\n\t\t\t\t\t\t<svg class=\"edd-icon edd-icon-check\" xmlns=\"http:\/\/www.w3.org\/2000\/svg\" width=\"28\" height=\"28\" viewbox=\"0 0 28 28\" aria-hidden=\"true\">\n\t\t\t\t\t\t\t<path d=\"M26.11 8.844c0 .39-.157.78-.44 1.062L12.234 23.344c-.28.28-.672.438-1.062.438s-.78-.156-1.06-.438l-7.782-7.78c-.28-.282-.438-.673-.438-1.063s.156-.78.438-1.06l2.125-2.126c.28-.28.672-.438 1.062-.438s.78.156 1.062.438l4.594 4.61L21.42 5.656c.282-.28.673-.438 1.063-.438s.78.155 1.062.437l2.125 2.125c.28.28.438.672.438 1.062z\"\/>\n\t\t\t\t\t\t<\/svg>\n\t\t\t\t\t\tAjout\u00e9 au panier\t\t\t\t\t<\/span>\n\t\t\t\t<\/span>\n\t\t\t\t\t\t\t\t<\/div><!--end .edd_purchase_submit_wrapper-->\n\n\t\t<input type=\"hidden\" name=\"download_id\" value=\"121\">\n\t\t\t\t\t\t\t<input type=\"hidden\" name=\"edd_action\" class=\"edd_action_input\" value=\"add_to_cart\">\n\t\t\n\t\t\n\t\t\n\t\t\n\t<input type=\"hidden\" name=\"trp-form-language\" value=\"fr\"\/><\/form><!--end #edd_purchase_121-->\n\t<\/div><div id=\"panel-312-1-1-2\" class=\"so-panel widget widget_sow-editor panel-last-child\" data-index=\"4\" ><div\n\t\t\t\n\t\t\tclass=\"so-widget-sow-editor so-widget-sow-editor-base\"\n\t\t\t\n\t\t><h3 class=\"widget-title\">Possibilit\u00e9s de se restaurer en cours de route<\/h3>\n<div class=\"siteorigin-widget-tinymce textwidget\">\n\t<p>Pas de possibilit\u00e9 de faire une halte en chemin, emporter suffisamment de provisions et d'eau !<\/p>\n<\/div>\n<\/div><\/div><\/div><\/div><div id=\"pg-312-2\"  class=\"panel-grid panel-no-style\" ><div id=\"pgc-312-2-0\"  class=\"panel-grid-cell\" ><div id=\"panel-312-2-0-0\" class=\"so-panel widget widget_sow-editor panel-first-child panel-last-child\" data-index=\"5\" ><div\n\t\t\t\n\t\t\tclass=\"so-widget-sow-editor so-widget-sow-editor-base\"\n\t\t\t\n\t\t>\n<div class=\"siteorigin-widget-tinymce textwidget\">\n\t<p>Le GR 51 nous m\u00e8ne maintenant \u00e0 une altitude plus ou moins constante sur le dos de la colline. Nous ne croisons qu'une fois (peu avant le kilom\u00e8tre 11) une route nationale dans un creux, sinon nous avons la nature presque pour nous seuls. Nous prenons de la distance et, peu apr\u00e8s le kilom\u00e8tre 18, nous rencontrons un col. Nous le traversons et regardons peu apr\u00e8s en bas l'autoroute qui passe en dessous de nous. En descendant, notre chemin de randonn\u00e9e touche pour la premi\u00e8re fois l'un des virages de la route du col. Dans la petite for\u00eat qui suit, le chemin bifurque : le GR 51 descend \u00e0 droite en direction de Cassis, mais nous recommandons plut\u00f4t de prendre le chemin qui continue tout droit et de descendre vers La Ciotat, afin de pouvoir profiter, lors de l'\u00e9tape 3, de la spectaculaire randonn\u00e9e sur les falaises entre La Ciotat et Cassis, que le trac\u00e9 officiel du GR 51 omet malheureusement.<\/p>\n<\/div>\n<\/div><\/div><\/div><\/div><div id=\"pg-312-3\"  class=\"panel-grid panel-no-style\" ><div id=\"pgc-312-3-0\"  class=\"panel-grid-cell\" ><div id=\"panel-312-3-0-0\" class=\"so-panel widget widget_sow-editor panel-first-child panel-last-child\" data-index=\"6\" ><div\n\t\t\t\n\t\t\tclass=\"so-widget-sow-editor so-widget-sow-editor-base\"\n\t\t\t\n\t\t>\n<div class=\"siteorigin-widget-tinymce textwidget\">\n\t<p>Nous quittons donc ici le GR 51 et retrouvons imm\u00e9diatement la route du col. Nous la traversons et continuons sur un sentier qui passe parall\u00e8lement au-dessus de la route jusqu'au prochain virage \u00e0 180 degr\u00e9s. Ici, nous suivons le chemin vers le sud, qui monte d'abord l\u00e9g\u00e8rement. Peu apr\u00e8s le kilom\u00e8tre 20, nous tournons \u00e0 gauche et descendons dans une vall\u00e9e lat\u00e9rale. L\u00e0, nous rencontrons successivement plusieurs bifurcations o\u00f9 nous avons tendance \u00e0 rester \u00e0 gauche\/en bas. Dans un vallon idyllique, nous rencontrons un chemin plus large que nous suivons vers la droite.<\/p>\n<p>Les derniers m\u00e8tres de la randonn\u00e9e traversent une zone industrielle. Comme nous avons d\u00e9j\u00e0 parcouru plus de 22 km et que la suite du chemin vers le centre de La Ciotat est peu attrayante, nous recommandons \u00e0 ce stade de prendre le bus de la ville de La Ciotat. L'arr\u00eat de bus se trouve au rond-point sur le c\u00f4t\u00e9 juste devant l'h\u00f4tel Ibis. De l\u00e0, il y a plusieurs liaisons diff\u00e9rentes vers le centre toutes les heures (avec ou sans changement). Les horaires de d\u00e9part actuels et l'itin\u00e9raire du trajet en bus peuvent \u00eatre consult\u00e9s \u00e0 l'adresse suivante : <a href=\"https:\/\/moovitapp.com\/?from=Ausgew%C3%A4hlter%20Ort&amp;to=Ausgew%C3%A4hlter%20Ort&amp;fll=43.206462_5.601558&amp;tll=43.175682_5.605568&amp;metroId=1562&amp;lang=de&amp;t=1\" target=\"_blank\" rel=\"noopener\">moovitapp.com<\/a>. Remarque : \u00e0 l'arr\u00eat (voir photo), seules les lignes 69 et 72 \u00e9taient indiqu\u00e9es lors de notre visite, mais la ligne 52 s'est \u00e9galement arr\u00eat\u00e9e ici et nous a permis de rejoindre le centre sans changer de bus.<\/p>\n<\/div>\n<\/div><\/div><\/div><div id=\"pgc-312-3-1\"  class=\"panel-grid-cell\" ><div id=\"panel-312-3-1-0\" class=\"so-panel widget widget_sow-image panel-first-child panel-last-child\" data-index=\"7\" ><div\n\t\t\t\n\t\t\tclass=\"so-widget-sow-image so-widget-sow-image-default-8b5b6f678277-312\"\n\t\t\t\n\t\t>\n<div class=\"sow-image-container\">\n\t\t\t<a href=\"https:\/\/www.kuestenwanderweg-marseille.de\/wp-content\/uploads\/K\u00fcstenwanderweg-Marseille-Etappe-2-Bushaltestelle-am-Kreisverkehr-direkt-vor-dem-Ibis-Hotel.jpg\">\n\t\t\t<img \n\tsrc=\"https:\/\/www.kuestenwanderweg-marseille.de\/wp-content\/uploads\/K\u00fcstenwanderweg-Marseille-Etappe-2-Bushaltestelle-am-Kreisverkehr-direkt-vor-dem-Ibis-Hotel.jpg\" width=\"800\" height=\"800\" srcset=\"https:\/\/www.kuestenwanderweg-marseille.de\/wp-content\/uploads\/K\u00fcstenwanderweg-Marseille-Etappe-2-Bushaltestelle-am-Kreisverkehr-direkt-vor-dem-Ibis-Hotel.jpg 800w, https:\/\/www.kuestenwanderweg-marseille.de\/wp-content\/uploads\/K\u00fcstenwanderweg-Marseille-Etappe-2-Bushaltestelle-am-Kreisverkehr-direkt-vor-dem-Ibis-Hotel-200x200.jpg 200w, https:\/\/www.kuestenwanderweg-marseille.de\/wp-content\/uploads\/K\u00fcstenwanderweg-Marseille-Etappe-2-Bushaltestelle-am-Kreisverkehr-direkt-vor-dem-Ibis-Hotel-500x500.jpg 500w, https:\/\/www.kuestenwanderweg-marseille.de\/wp-content\/uploads\/K\u00fcstenwanderweg-Marseille-Etappe-2-Bushaltestelle-am-Kreisverkehr-direkt-vor-dem-Ibis-Hotel-768x768.jpg 768w\" sizes=\"(max-width: 800px) 100vw, 800px\" title=\"Pratique : Avec le bus urbain pour environ 1 \u20ac vers le centre (entre autres avec la ligne 52)\" alt=\"\" \t\tclass=\"so-widget-image\"\/>\n\t\t\t<\/a><\/div>\n\n<h3 class=\"widget-title\">Pratique : Avec le bus urbain pour environ 1 \u20ac vers le centre (entre autres avec la ligne 52)<\/h3><\/div><\/div><\/div><\/div><div id=\"pg-312-4\"  class=\"panel-grid panel-no-style\" ><div id=\"pgc-312-4-0\"  class=\"panel-grid-cell\" ><div id=\"panel-312-4-0-0\" class=\"so-panel widget widget_sow-editor panel-first-child panel-last-child\" data-index=\"8\" ><div\n\t\t\t\n\t\t\tclass=\"so-widget-sow-editor so-widget-sow-editor-base\"\n\t\t\t\n\t\t>\n<div class=\"siteorigin-widget-tinymce textwidget\">\n\t<style type=\"text\/css\">\n#foogallery-gallery-717.fg-masonry { --fg-gutter: 10px; }<\/style>\n\t\t\t<div class=\"foogallery foogallery-container foogallery-masonry foogallery-lightbox-none fg-center fg-masonry fg-ready fg-light fg-loading-default fg-loaded-fade-in fg-caption-hover fg-hover-fade fg-hover-zoom fg-col3\" id=\"foogallery-gallery-717\" data-foogallery=\"{&quot;item&quot;:{&quot;showCaptionTitle&quot;:true,&quot;showCaptionDescription&quot;:true},&quot;lazy&quot;:true}\" style=\"--fg-title-line-clamp: 0; --fg-description-line-clamp: 0;\" >\n\t\t<div class=\"fg-column-width\"><\/div>\n\t<div class=\"fg-gutter-width\"><\/div>\n\t\t<div class=\"fg-item fg-type-image fg-idle\"><figure class=\"fg-item-inner\"><a href=\"https:\/\/www.kuestenwanderweg-marseille.de\/wp-content\/uploads\/K\u00fcstenwanderweg-Marseille-Etappe-2-Weinbau-und-Landwirtschaft-in-der-Ferne-der-Pic-de-Bertagne.jpg\" data-attachment-id=\"728\" data-type=\"image\" class=\"fg-thumb\"><span class=\"fg-image-wrap\"><img fetchpriority=\"high\" decoding=\"async\" width=\"400\" height=\"225\" class=\"skip-lazy fg-image\" data-src-fg=\"https:\/\/www.kuestenwanderweg-marseille.de\/wp-content\/uploads\/cache\/K\u00fcstenwanderweg-Marseille-Etappe-2-Weinbau-und-Landwirtschaft-in-der-Ferne-der-Pic-de-Bertagne\/3593746949.jpg\" data-srcset-fg=\"https:\/\/www.kuestenwanderweg-marseille.de\/wp-content\/uploads\/cache\/K\u00fcstenwanderweg-Marseille-Etappe-2-Weinbau-und-Landwirtschaft-in-der-Ferne-der-Pic-de-Bertagne\/4290727916.jpg 2x\" src=\"data:image\/svg+xml,%3Csvg%20xmlns%3D%22http%3A%2F%2Fwww.w3.org%2F2000%2Fsvg%22%20width%3D%22400%22%20height%3D%22225%22%20viewBox%3D%220%200%20400%20225%22%3E%3C%2Fsvg%3E\" loading=\"eager\"><\/span><span class=\"fg-image-overlay\"><\/span><\/a><\/figure><div class=\"fg-loader\"><\/div><\/div><div class=\"fg-item fg-type-image fg-idle\"><figure class=\"fg-item-inner\"><a href=\"https:\/\/www.kuestenwanderweg-marseille.de\/wp-content\/uploads\/K\u00fcstenwanderweg-Marseille-Etappe-2-Wandern-zwischen-Weinreben-und-Olivenb\u00e4umen-auf-dem-GR51.jpg\" data-attachment-id=\"723\" data-type=\"image\" class=\"fg-thumb\"><span class=\"fg-image-wrap\"><img decoding=\"async\" width=\"400\" height=\"187\" class=\"skip-lazy fg-image\" data-src-fg=\"https:\/\/www.kuestenwanderweg-marseille.de\/wp-content\/uploads\/cache\/K\u00fcstenwanderweg-Marseille-Etappe-2-Wandern-zwischen-Weinreben-und-Olivenb\u00e4umen-auf-dem-GR51\/3544711276.jpg\" data-srcset-fg=\"https:\/\/www.kuestenwanderweg-marseille.de\/wp-content\/uploads\/cache\/K\u00fcstenwanderweg-Marseille-Etappe-2-Wandern-zwischen-Weinreben-und-Olivenb\u00e4umen-auf-dem-GR51\/131813343.jpg 2x\" src=\"data:image\/svg+xml,%3Csvg%20xmlns%3D%22http%3A%2F%2Fwww.w3.org%2F2000%2Fsvg%22%20width%3D%22400%22%20height%3D%22187%22%20viewBox%3D%220%200%20400%20187%22%3E%3C%2Fsvg%3E\" loading=\"eager\"><\/span><span class=\"fg-image-overlay\"><\/span><\/a><\/figure><div class=\"fg-loader\"><\/div><\/div><div class=\"fg-item fg-type-image fg-idle\"><figure class=\"fg-item-inner\"><a href=\"https:\/\/www.kuestenwanderweg-marseille.de\/wp-content\/uploads\/K\u00fcstenwanderweg-Marseille-Etappe-2-der-GR51-ist-rot-wei\u00df-gekennzeichnet-gelb-die-k\u00fcrzeren-Wanderwege.jpg\" data-attachment-id=\"719\" data-type=\"image\" class=\"fg-thumb\"><span class=\"fg-image-wrap\"><img decoding=\"async\" width=\"400\" height=\"300\" class=\"skip-lazy fg-image\" data-src-fg=\"https:\/\/www.kuestenwanderweg-marseille.de\/wp-content\/uploads\/cache\/K\u00fcstenwanderweg-Marseille-Etappe-2-der-GR51-ist-rot-wei\u00df-gekennzeichnet-gelb-die-k\u00fcrzeren-Wanderwege\/1248498388.jpg\" data-srcset-fg=\"https:\/\/www.kuestenwanderweg-marseille.de\/wp-content\/uploads\/cache\/K\u00fcstenwanderweg-Marseille-Etappe-2-der-GR51-ist-rot-wei\u00df-gekennzeichnet-gelb-die-k\u00fcrzeren-Wanderwege\/3489921660.jpg 2x\" src=\"data:image\/svg+xml,%3Csvg%20xmlns%3D%22http%3A%2F%2Fwww.w3.org%2F2000%2Fsvg%22%20width%3D%22400%22%20height%3D%22300%22%20viewBox%3D%220%200%20400%20300%22%3E%3C%2Fsvg%3E\" loading=\"eager\"><\/span><span class=\"fg-image-overlay\"><\/span><\/a><\/figure><div class=\"fg-loader\"><\/div><\/div><div class=\"fg-item fg-type-image fg-idle\"><figure class=\"fg-item-inner\"><a href=\"https:\/\/www.kuestenwanderweg-marseille.de\/wp-content\/uploads\/K\u00fcstenwanderweg-Marseille-Etappe-2-Weinernte-in-der-N\u00e4he-von-La-Cadiere-dAzur.jpg\" data-attachment-id=\"347\" data-type=\"image\" class=\"fg-thumb\"><span class=\"fg-image-wrap\"><img decoding=\"async\" width=\"400\" height=\"225\" class=\"skip-lazy fg-image\" data-src-fg=\"https:\/\/www.kuestenwanderweg-marseille.de\/wp-content\/uploads\/cache\/K\u00fcstenwanderweg-Marseille-Etappe-2-Weinernte-in-der-N\u00e4he-von-La-Cadiere-dAzur\/1918529403.jpg\" data-srcset-fg=\"https:\/\/www.kuestenwanderweg-marseille.de\/wp-content\/uploads\/cache\/K\u00fcstenwanderweg-Marseille-Etappe-2-Weinernte-in-der-N\u00e4he-von-La-Cadiere-dAzur\/2832137490.jpg 2x\" src=\"data:image\/svg+xml,%3Csvg%20xmlns%3D%22http%3A%2F%2Fwww.w3.org%2F2000%2Fsvg%22%20width%3D%22400%22%20height%3D%22225%22%20viewBox%3D%220%200%20400%20225%22%3E%3C%2Fsvg%3E\" loading=\"eager\"><\/span><span class=\"fg-image-overlay\"><\/span><\/a><\/figure><div class=\"fg-loader\"><\/div><\/div><div class=\"fg-item fg-type-image fg-idle\"><figure class=\"fg-item-inner\"><a href=\"https:\/\/www.kuestenwanderweg-marseille.de\/wp-content\/uploads\/K\u00fcstenwanderweg-Marseille-Etappe-2-Der-GR51-f\u00fchrt-auch-am-500-Jahre-alten-Weingut-Ch\u00e2teau-Vanni\u00e8res-vorbei.jpg\" data-attachment-id=\"727\" data-type=\"image\" class=\"fg-thumb\"><span class=\"fg-image-wrap\"><img decoding=\"async\" width=\"400\" height=\"225\" class=\"skip-lazy fg-image\" data-src-fg=\"https:\/\/www.kuestenwanderweg-marseille.de\/wp-content\/uploads\/cache\/K\u00fcstenwanderweg-Marseille-Etappe-2-Der-GR51-f\u00fchrt-auch-am-500-Jahre-alten-Weingut-Ch\u00e2teau-Vanni\u00e8res-vorbei\/195668403.jpg\" data-srcset-fg=\"https:\/\/www.kuestenwanderweg-marseille.de\/wp-content\/uploads\/cache\/K\u00fcstenwanderweg-Marseille-Etappe-2-Der-GR51-f\u00fchrt-auch-am-500-Jahre-alten-Weingut-Ch\u00e2teau-Vanni\u00e8res-vorbei\/3717574001.jpg 2x\" src=\"data:image\/svg+xml,%3Csvg%20xmlns%3D%22http%3A%2F%2Fwww.w3.org%2F2000%2Fsvg%22%20width%3D%22400%22%20height%3D%22225%22%20viewBox%3D%220%200%20400%20225%22%3E%3C%2Fsvg%3E\" loading=\"eager\"><\/span><span class=\"fg-image-overlay\"><\/span><\/a><\/figure><div class=\"fg-loader\"><\/div><\/div><div class=\"fg-item fg-type-image fg-idle\"><figure class=\"fg-item-inner\"><a href=\"https:\/\/www.kuestenwanderweg-marseille.de\/wp-content\/uploads\/K\u00fcstenwanderweg-Marseille-Etappe-2-Ausblick-vom-GR51-auf-die-Bucht-von-Saint-Cyr-sur-Mer-2.jpg\" data-attachment-id=\"344\" data-type=\"image\" class=\"fg-thumb\"><span class=\"fg-image-wrap\"><img decoding=\"async\" width=\"400\" height=\"225\" class=\"skip-lazy fg-image\" data-src-fg=\"https:\/\/www.kuestenwanderweg-marseille.de\/wp-content\/uploads\/cache\/K\u00fcstenwanderweg-Marseille-Etappe-2-Ausblick-vom-GR51-auf-die-Bucht-von-Saint-Cyr-sur-Mer-2\/1248190973.jpg\" data-srcset-fg=\"https:\/\/www.kuestenwanderweg-marseille.de\/wp-content\/uploads\/cache\/K\u00fcstenwanderweg-Marseille-Etappe-2-Ausblick-vom-GR51-auf-die-Bucht-von-Saint-Cyr-sur-Mer-2\/931929285.jpg 2x\" src=\"data:image\/svg+xml,%3Csvg%20xmlns%3D%22http%3A%2F%2Fwww.w3.org%2F2000%2Fsvg%22%20width%3D%22400%22%20height%3D%22225%22%20viewBox%3D%220%200%20400%20225%22%3E%3C%2Fsvg%3E\" loading=\"eager\"><\/span><span class=\"fg-image-overlay\"><\/span><\/a><\/figure><div class=\"fg-loader\"><\/div><\/div><div class=\"fg-item fg-type-image fg-idle\"><figure class=\"fg-item-inner\"><a href=\"https:\/\/www.kuestenwanderweg-marseille.de\/wp-content\/uploads\/K\u00fcstenwanderweg-Marseille-Etappe-2-Ausblick-auf-den-Pic-de-Bertagne-mit-seiner-Radarstation.jpg\" data-attachment-id=\"726\" data-type=\"image\" class=\"fg-thumb\"><span class=\"fg-image-wrap\"><img decoding=\"async\" width=\"400\" height=\"225\" class=\"skip-lazy fg-image\" data-src-fg=\"https:\/\/www.kuestenwanderweg-marseille.de\/wp-content\/uploads\/cache\/K\u00fcstenwanderweg-Marseille-Etappe-2-Ausblick-auf-den-Pic-de-Bertagne-mit-seiner-Radarstation\/2452755729.jpg\" data-srcset-fg=\"https:\/\/www.kuestenwanderweg-marseille.de\/wp-content\/uploads\/cache\/K\u00fcstenwanderweg-Marseille-Etappe-2-Ausblick-auf-den-Pic-de-Bertagne-mit-seiner-Radarstation\/3125625970.jpg 2x\" src=\"data:image\/svg+xml,%3Csvg%20xmlns%3D%22http%3A%2F%2Fwww.w3.org%2F2000%2Fsvg%22%20width%3D%22400%22%20height%3D%22225%22%20viewBox%3D%220%200%20400%20225%22%3E%3C%2Fsvg%3E\" loading=\"eager\"><\/span><span class=\"fg-image-overlay\"><\/span><\/a><\/figure><div class=\"fg-loader\"><\/div><\/div><div class=\"fg-item fg-type-image fg-idle\"><figure class=\"fg-item-inner\"><a href=\"https:\/\/www.kuestenwanderweg-marseille.de\/wp-content\/uploads\/K\u00fcstenwanderweg-Marseille-Etappe-2-Ausblick-auf-den-Pic-de-Bertagne-mit-seiner-Radarstation-800x800.jpg\" data-attachment-id=\"718\" data-type=\"image\" class=\"fg-thumb\"><span class=\"fg-image-wrap\"><img decoding=\"async\" width=\"400\" height=\"400\" class=\"skip-lazy fg-image\" data-src-fg=\"https:\/\/www.kuestenwanderweg-marseille.de\/wp-content\/uploads\/cache\/K\u00fcstenwanderweg-Marseille-Etappe-2-Ausblick-auf-den-Pic-de-Bertagne-mit-seiner-Radarstation-800x800\/1561626411.jpg\" src=\"data:image\/svg+xml,%3Csvg%20xmlns%3D%22http%3A%2F%2Fwww.w3.org%2F2000%2Fsvg%22%20width%3D%22400%22%20height%3D%22400%22%20viewBox%3D%220%200%20400%20400%22%3E%3C%2Fsvg%3E\" loading=\"eager\"><\/span><span class=\"fg-image-overlay\"><\/span><\/a><\/figure><div class=\"fg-loader\"><\/div><\/div><div class=\"fg-item fg-type-image fg-idle\"><figure class=\"fg-item-inner\"><a href=\"https:\/\/www.kuestenwanderweg-marseille.de\/wp-content\/uploads\/K\u00fcstenwanderweg-Marseille-Etappe-2-rechts-im-Bild-die-Ausl\u00e4ufer-von-Marseille-links-die-Klippen-des-Cap-Canaille.jpg\" data-attachment-id=\"722\" data-type=\"image\" class=\"fg-thumb\"><span class=\"fg-image-wrap\"><img decoding=\"async\" width=\"400\" height=\"191\" class=\"skip-lazy fg-image\" data-src-fg=\"https:\/\/www.kuestenwanderweg-marseille.de\/wp-content\/uploads\/cache\/K\u00fcstenwanderweg-Marseille-Etappe-2-rechts-im-Bild-die-Ausl\u00e4ufer-von-Marseille-links-die-Klippen-des-Cap-Canaille\/1703501068.jpg\" data-srcset-fg=\"https:\/\/www.kuestenwanderweg-marseille.de\/wp-content\/uploads\/cache\/K\u00fcstenwanderweg-Marseille-Etappe-2-rechts-im-Bild-die-Ausl\u00e4ufer-von-Marseille-links-die-Klippen-des-Cap-Canaille\/2726812995.jpg 2x\" src=\"data:image\/svg+xml,%3Csvg%20xmlns%3D%22http%3A%2F%2Fwww.w3.org%2F2000%2Fsvg%22%20width%3D%22400%22%20height%3D%22191%22%20viewBox%3D%220%200%20400%20191%22%3E%3C%2Fsvg%3E\" loading=\"eager\"><\/span><span class=\"fg-image-overlay\"><\/span><\/a><\/figure><div class=\"fg-loader\"><\/div><\/div><div class=\"fg-item fg-type-image fg-idle\"><figure class=\"fg-item-inner\"><a href=\"https:\/\/www.kuestenwanderweg-marseille.de\/wp-content\/uploads\/K\u00fcstenwanderweg-Marseille-Etappe-2-La-Ciotat-von-oben-gesehen.jpg\" data-attachment-id=\"724\" data-type=\"image\" class=\"fg-thumb\"><span class=\"fg-image-wrap\"><img decoding=\"async\" width=\"400\" height=\"225\" class=\"skip-lazy fg-image\" data-src-fg=\"https:\/\/www.kuestenwanderweg-marseille.de\/wp-content\/uploads\/cache\/K\u00fcstenwanderweg-Marseille-Etappe-2-La-Ciotat-von-oben-gesehen\/1843124073.jpg\" data-srcset-fg=\"https:\/\/www.kuestenwanderweg-marseille.de\/wp-content\/uploads\/cache\/K\u00fcstenwanderweg-Marseille-Etappe-2-La-Ciotat-von-oben-gesehen\/4192257155.jpg 2x\" src=\"data:image\/svg+xml,%3Csvg%20xmlns%3D%22http%3A%2F%2Fwww.w3.org%2F2000%2Fsvg%22%20width%3D%22400%22%20height%3D%22225%22%20viewBox%3D%220%200%20400%20225%22%3E%3C%2Fsvg%3E\" loading=\"eager\"><\/span><span class=\"fg-image-overlay\"><\/span><\/a><\/figure><div class=\"fg-loader\"><\/div><\/div><div class=\"fg-item fg-type-image fg-idle\"><figure class=\"fg-item-inner\"><a href=\"https:\/\/www.kuestenwanderweg-marseille.de\/wp-content\/uploads\/K\u00fcstenwanderweg-Marseille-Etappe-2-Ausblick-auf-den-Pic-de-Bertagne.jpg\" data-attachment-id=\"725\" data-type=\"image\" class=\"fg-thumb\"><span class=\"fg-image-wrap\"><img decoding=\"async\" width=\"400\" height=\"225\" class=\"skip-lazy fg-image\" data-src-fg=\"https:\/\/www.kuestenwanderweg-marseille.de\/wp-content\/uploads\/cache\/K\u00fcstenwanderweg-Marseille-Etappe-2-Ausblick-auf-den-Pic-de-Bertagne\/1413616207.jpg\" data-srcset-fg=\"https:\/\/www.kuestenwanderweg-marseille.de\/wp-content\/uploads\/cache\/K\u00fcstenwanderweg-Marseille-Etappe-2-Ausblick-auf-den-Pic-de-Bertagne\/435005557.jpg 2x\" src=\"data:image\/svg+xml,%3Csvg%20xmlns%3D%22http%3A%2F%2Fwww.w3.org%2F2000%2Fsvg%22%20width%3D%22400%22%20height%3D%22225%22%20viewBox%3D%220%200%20400%20225%22%3E%3C%2Fsvg%3E\" loading=\"eager\"><\/span><span class=\"fg-image-overlay\"><\/span><\/a><\/figure><div class=\"fg-loader\"><\/div><\/div><div class=\"fg-item fg-type-image fg-idle\"><figure class=\"fg-item-inner\"><a href=\"https:\/\/www.kuestenwanderweg-marseille.de\/wp-content\/uploads\/K\u00fcstenwanderweg-Marseille-Etappe-2-Ausblick-vom-GR51-die-Ausl\u00e4ufer-von-Cassis.jpg\" data-attachment-id=\"345\" data-type=\"image\" class=\"fg-thumb\"><span class=\"fg-image-wrap\"><img decoding=\"async\" width=\"400\" height=\"225\" class=\"skip-lazy fg-image\" data-src-fg=\"https:\/\/www.kuestenwanderweg-marseille.de\/wp-content\/uploads\/cache\/K\u00fcstenwanderweg-Marseille-Etappe-2-Ausblick-vom-GR51-die-Ausl\u00e4ufer-von-Cassis\/2549752018.jpg\" data-srcset-fg=\"https:\/\/www.kuestenwanderweg-marseille.de\/wp-content\/uploads\/cache\/K\u00fcstenwanderweg-Marseille-Etappe-2-Ausblick-vom-GR51-die-Ausl\u00e4ufer-von-Cassis\/1299100347.jpg 2x\" src=\"data:image\/svg+xml,%3Csvg%20xmlns%3D%22http%3A%2F%2Fwww.w3.org%2F2000%2Fsvg%22%20width%3D%22400%22%20height%3D%22225%22%20viewBox%3D%220%200%20400%20225%22%3E%3C%2Fsvg%3E\" loading=\"eager\"><\/span><span class=\"fg-image-overlay\"><\/span><\/a><\/figure><div class=\"fg-loader\"><\/div><\/div><div class=\"fg-item fg-type-image fg-idle\"><figure class=\"fg-item-inner\"><a href=\"https:\/\/www.kuestenwanderweg-marseille.de\/wp-content\/uploads\/K\u00fcstenwanderweg-Marseille-Etappe-2-Felsformationen-beim-Abstieg-nach-La-Ciotat.jpg\" data-attachment-id=\"720\" data-type=\"image\" class=\"fg-thumb\"><span class=\"fg-image-wrap\"><img decoding=\"async\" width=\"400\" height=\"300\" class=\"skip-lazy fg-image\" data-src-fg=\"https:\/\/www.kuestenwanderweg-marseille.de\/wp-content\/uploads\/cache\/K\u00fcstenwanderweg-Marseille-Etappe-2-Felsformationen-beim-Abstieg-nach-La-Ciotat\/944272955.jpg\" data-srcset-fg=\"https:\/\/www.kuestenwanderweg-marseille.de\/wp-content\/uploads\/cache\/K\u00fcstenwanderweg-Marseille-Etappe-2-Felsformationen-beim-Abstieg-nach-La-Ciotat\/3806127186.jpg 2x\" src=\"data:image\/svg+xml,%3Csvg%20xmlns%3D%22http%3A%2F%2Fwww.w3.org%2F2000%2Fsvg%22%20width%3D%22400%22%20height%3D%22300%22%20viewBox%3D%220%200%20400%20300%22%3E%3C%2Fsvg%3E\" loading=\"eager\"><\/span><span class=\"fg-image-overlay\"><\/span><\/a><\/figure><div class=\"fg-loader\"><\/div><\/div><div class=\"fg-item fg-type-image fg-idle\"><figure class=\"fg-item-inner\"><a href=\"https:\/\/www.kuestenwanderweg-marseille.de\/wp-content\/uploads\/K\u00fcstenwanderweg-Marseille-Etappe-2-La-Ciotat-besitzt-einen-netten-Stadtkern-mit-Hafen-und-Kirche.jpg\" data-attachment-id=\"478\" data-type=\"image\" class=\"fg-thumb\"><span class=\"fg-image-wrap\"><img decoding=\"async\" width=\"400\" height=\"225\" class=\"skip-lazy fg-image\" data-src-fg=\"https:\/\/www.kuestenwanderweg-marseille.de\/wp-content\/uploads\/cache\/K\u00fcstenwanderweg-Marseille-Etappe-2-La-Ciotat-besitzt-einen-netten-Stadtkern-mit-Hafen-und-Kirche\/1884869287.jpg\" data-srcset-fg=\"https:\/\/www.kuestenwanderweg-marseille.de\/wp-content\/uploads\/cache\/K\u00fcstenwanderweg-Marseille-Etappe-2-La-Ciotat-besitzt-einen-netten-Stadtkern-mit-Hafen-und-Kirche\/3750442554.jpg 2x\" src=\"data:image\/svg+xml,%3Csvg%20xmlns%3D%22http%3A%2F%2Fwww.w3.org%2F2000%2Fsvg%22%20width%3D%22400%22%20height%3D%22225%22%20viewBox%3D%220%200%20400%20225%22%3E%3C%2Fsvg%3E\" loading=\"eager\"><\/span><span class=\"fg-image-overlay\"><\/span><\/a><\/figure><div class=\"fg-loader\"><\/div><\/div><div class=\"fg-item fg-type-image fg-idle\"><figure class=\"fg-item-inner\"><a href=\"https:\/\/www.kuestenwanderweg-marseille.de\/wp-content\/uploads\/K\u00fcstenwanderweg-Marseille-Etappe-2-Ausblick-vom-GR51-auf-La-Ciotat-und-das-Cap-Canaille.jpg\" data-attachment-id=\"731\" data-type=\"image\" class=\"fg-thumb\"><span class=\"fg-image-wrap\"><img decoding=\"async\" width=\"400\" height=\"100\" class=\"skip-lazy fg-image\" data-src-fg=\"https:\/\/www.kuestenwanderweg-marseille.de\/wp-content\/uploads\/cache\/K\u00fcstenwanderweg-Marseille-Etappe-2-Ausblick-vom-GR51-auf-La-Ciotat-und-das-Cap-Canaille\/3109864963.jpg\" data-srcset-fg=\"https:\/\/www.kuestenwanderweg-marseille.de\/wp-content\/uploads\/cache\/K\u00fcstenwanderweg-Marseille-Etappe-2-Ausblick-vom-GR51-auf-La-Ciotat-und-das-Cap-Canaille\/2350591766.jpg 2x\" src=\"data:image\/svg+xml,%3Csvg%20xmlns%3D%22http%3A%2F%2Fwww.w3.org%2F2000%2Fsvg%22%20width%3D%22400%22%20height%3D%22100%22%20viewBox%3D%220%200%20400%20100%22%3E%3C%2Fsvg%3E\" loading=\"eager\"><\/span><span class=\"fg-image-overlay\"><\/span><\/a><\/figure><div class=\"fg-loader\"><\/div><\/div><\/div>\n<\/div>\n<\/div><\/div><\/div><\/div><\/div>","protected":false},"excerpt":{"rendered":"<p>Die heutige Etappe f\u00fchrt uns auf dem GR 51 in einem weiten Bogen durch das k\u00fcstennahe Hinterland bis nach La Ciotat. Sobald wir uns mit ausreichend Wasser und Proviant f\u00fcr den Tag versorgt haben (keine Einkehr- und Einkaufsm\u00f6glichkeiten unterwegs!), verlassen wir\u00a0La Cadi\u00e8re-d&#8217;Azur bergauf in nordwestlicher Richtung \u00fcber die von der Hauptstra\u00dfe abzweigende Avenue Andr\u00e9 Favory.\u00a0Auf [&hellip;]<\/p>\n","protected":false},"author":1,"featured_media":0,"comment_status":"closed","ping_status":"closed","sticky":false,"template":"","format":"standard","meta":{"footnotes":""},"categories":[12],"tags":[],"class_list":["post-312","post","type-post","status-publish","format-standard","hentry","category-etappe-2-la-cadiere-dazur-la-ciotat"],"_links":{"self":[{"href":"https:\/\/www.kuestenwanderweg-marseille.de\/fr\/wp-json\/wp\/v2\/posts\/312","targetHints":{"allow":["GET"]}}],"collection":[{"href":"https:\/\/www.kuestenwanderweg-marseille.de\/fr\/wp-json\/wp\/v2\/posts"}],"about":[{"href":"https:\/\/www.kuestenwanderweg-marseille.de\/fr\/wp-json\/wp\/v2\/types\/post"}],"author":[{"embeddable":true,"href":"https:\/\/www.kuestenwanderweg-marseille.de\/fr\/wp-json\/wp\/v2\/users\/1"}],"replies":[{"embeddable":true,"href":"https:\/\/www.kuestenwanderweg-marseille.de\/fr\/wp-json\/wp\/v2\/comments?post=312"}],"version-history":[{"count":1,"href":"https:\/\/www.kuestenwanderweg-marseille.de\/fr\/wp-json\/wp\/v2\/posts\/312\/revisions"}],"predecessor-version":[{"id":5444,"href":"https:\/\/www.kuestenwanderweg-marseille.de\/fr\/wp-json\/wp\/v2\/posts\/312\/revisions\/5444"}],"wp:attachment":[{"href":"https:\/\/www.kuestenwanderweg-marseille.de\/fr\/wp-json\/wp\/v2\/media?parent=312"}],"wp:term":[{"taxonomy":"category","embeddable":true,"href":"https:\/\/www.kuestenwanderweg-marseille.de\/fr\/wp-json\/wp\/v2\/categories?post=312"},{"taxonomy":"post_tag","embeddable":true,"href":"https:\/\/www.kuestenwanderweg-marseille.de\/fr\/wp-json\/wp\/v2\/tags?post=312"}],"curies":[{"name":"wp","href":"https:\/\/api.w.org\/{rel}","templated":true}]}}